{"id":9043,"date":"2015-11-09T15:34:58","date_gmt":"2015-11-09T15:34:58","guid":{"rendered":"http:\/\/w2.svratouch.cz\/?p=1"},"modified":"2015-11-09T15:34:58","modified_gmt":"2015-11-09T15:34:58","slug":"vitani","status":"publish","type":"post","link":"https:\/\/www.svratka.cz\/?p=9043","title":{"rendered":"Den otev\u0159en\u00fdch dve\u0159\u00ed ve \u0161kole"},"content":{"rendered":"<p>Z\u00e1kladn\u00ed \u0161kola V\u00e1s zve na Den otev\u0159en\u00fdch dve\u0159\u00ed, kter\u00fd se uskute\u010dn\u00ed v\u00a0\u00fater\u00fd 17.11. od\u00a0 13 do 16 hodin.\u00a0 R\u00e1di V\u00e1m uk\u00e1\u017eeme zrekonstruovan\u00e9 prostory \u0161koly i modern\u00ed technick\u00e9 vybaven\u00ed ve \u0161kole. Otev\u0159ena bude i nov\u011b instalovan\u00e1 muzejn\u00ed t\u0159\u00edda.<\/p>\n<p>V\u0161ichni jste srde\u010dn\u011b zv\u00e1ni.<\/p>\n<p>&nbsp;<\/p>\n[lsvr_gallery images=&#8220;1174,1176&#8243; items_per_row=&#8220;2&#8243; masonry=&#8220;yes&#8220; click_action=&#8220;lightbox&#8220;]\n","protected":false},"excerpt":{"rendered":"<p>Z\u00e1kladn\u00ed \u0161kola V\u00e1s zve na Den otev\u0159en\u00fdch dve\u0159\u00ed, kter\u00fd se uskute\u010dn\u00ed v\u00a0\u00fater\u00fd 17.11. od\u00a0 13 do 16 hodin.\u00a0 R\u00e1di V\u00e1m uk\u00e1\u017eeme zrekonstruovan\u00e9 prostory \u0161koly i modern\u00ed technick\u00e9 vybaven\u00ed ve \u0161kole. Otev\u0159ena bude i nov\u011b instalovan\u00e1 muzejn\u00ed t\u0159\u00edda. V\u0161ichni jste srde\u010dn\u011b zv\u00e1ni. &nbsp; [lsvr_gallery images=&#8220;1174,1176&#8243; items_per_row=&#8220;2&#8243; masonry=&#8220;yes&#8220; click_action=&#8220;lightbox&#8220;]<\/p>\n","protected":false},"author":1,"featured_media":0,"comment_status":"closed","ping_status":"closed","sticky":false,"template":"","format":"standard","meta":{"footnotes":""},"categories":[195],"tags":[],"class_list":["post-9043","post","type-post","status-publish","format-standard","hentry","category-aktualne"],"_links":{"self":[{"href":"https:\/\/www.svratka.cz\/index.php?rest_route=\/wp\/v2\/posts\/9043","targetHints":{"allow":["GET"]}}],"collection":[{"href":"https:\/\/www.svratka.cz\/index.php?rest_route=\/wp\/v2\/posts"}],"about":[{"href":"https:\/\/www.svratka.cz\/index.php?rest_route=\/wp\/v2\/types\/post"}],"author":[{"embeddable":true,"href":"https:\/\/www.svratka.cz\/index.php?rest_route=\/wp\/v2\/users\/1"}],"replies":[{"embeddable":true,"href":"https:\/\/www.svratka.cz\/index.php?rest_route=%2Fwp%2Fv2%2Fcomments&post=9043"}],"version-history":[{"count":0,"href":"https:\/\/www.svratka.cz\/index.php?rest_route=\/wp\/v2\/posts\/9043\/revisions"}],"wp:attachment":[{"href":"https:\/\/www.svratka.cz\/index.php?rest_route=%2Fwp%2Fv2%2Fmedia&parent=9043"}],"wp:term":[{"taxonomy":"category","embeddable":true,"href":"https:\/\/www.svratka.cz\/index.php?rest_route=%2Fwp%2Fv2%2Fcategories&post=9043"},{"taxonomy":"post_tag","embeddable":true,"href":"https:\/\/www.svratka.cz\/index.php?rest_route=%2Fwp%2Fv2%2Ftags&post=9043"}],"curies":[{"name":"wp","href":"https:\/\/api.w.org\/{rel}","templated":true}]}}