{"id":1464,"date":"2016-01-12T20:37:24","date_gmt":"2016-01-12T19:37:24","guid":{"rendered":"http:\/\/w2.svratka.cz\/?p=1464"},"modified":"2016-01-12T20:37:24","modified_gmt":"2016-01-12T19:37:24","slug":"zapis-do-zs-a-ms","status":"publish","type":"post","link":"https:\/\/www.svratka.cz\/?p=1464","title":{"rendered":"Z\u00e1pis do Z\u0160 a M\u0160"},"content":{"rendered":"<p style=\"text-align: center;\"><b>Z\u00e1kladn\u00ed \u0161kola a mate\u0159sk\u00e1 \u0161kola Svratka, p\u0159\u00edsp\u011bvkov\u00e1 organizace<\/b><\/p>\n<p align=\"center\">Partyz\u00e1nsk\u00e1 310, 592 02 Svratka, tel. 566\u00a0662 602, <a href=\"mailto:skola@svratka.cz\">skola@svratka.cz<\/a><\/p>\n<p align=\"center\"><span style=\"font-family: 'Arial',sans-serif; font-size: 36pt;\">Z\u00e1pis do 1.t\u0159\u00eddy<\/span><\/p>\n<p><span style=\"font-family: 'Arial',sans-serif;\">\u00a0\u00a0\u00a0\u00a0\u00a0\u00a0\u00a0\u00a0\u00a0\u00a0\u00a0 <\/span><\/p>\n<p align=\"center\"><b><span style=\"font-family: 'Arial',sans-serif; font-size: 14pt;\">Z\u00e1pis do 1. t\u0159\u00eddy pro \u0161koln\u00ed rok 2016\/2017 na z\u00e1kladn\u00ed \u0161kole <\/span><\/b><\/p>\n<p align=\"center\"><b><span style=\"font-family: 'Arial',sans-serif; font-size: 14pt;\">ve Svratce se uskute\u010dn\u00ed ve \u010dtvrtek 28. ledna 2016 <\/span><\/b><\/p>\n<p align=\"center\"><b><span style=\"font-family: 'Arial',sans-serif; font-size: 14pt;\">od 14 do 16 hodin<\/span><\/b><\/p>\n<p align=\"center\"><!--more--><\/p>\n<p><span style=\"font-family: 'Arial',sans-serif; font-size: 12pt;\">K\u00a0z\u00e1pisu se dostav\u00ed rodi\u010de s\u00a0d\u011btmi, kter\u00e9 se narodily od 1.9.2009 do 31.8.2010 a kter\u00e9 dovr\u0161\u00ed k 31.8.2016 \u0161est let. K\u00a0z\u00e1pisu se rovn\u011b\u017e dostav\u00ed d\u011bti, kter\u00e9 m\u011bly v\u00a0lo\u0148sk\u00e9m roce povolen odklad povinn\u00e9 \u0161koln\u00ed doch\u00e1zky. <u>Rodi\u010de p\u0159inesou k\u00a0z\u00e1pisu rodn\u00fd list d\u00edt\u011bte.<\/u><\/span><\/p>\n<p><span style=\"font-family: 'Arial',sans-serif; font-size: 12pt;\">Odklady za\u010d\u00e1tku povinn\u00e9 \u0161koln\u00ed doch\u00e1zky \/\u00a737, odst. 1, z\u00e1k. \u010d. 561, 2004 Sb.\/ povoluje \u0159editel sp\u00e1dov\u00e9 \u0161koly na z\u00e1klad\u011b p\u00edsemn\u00e9 \u017e\u00e1dosti rodi\u010d\u016f dolo\u017een\u00e9 doporu\u010duj\u00edc\u00edm posouzen\u00edm p\u0159\u00edslu\u0161n\u00e9ho \u0161kolsk\u00e9ho poradensk\u00e9ho za\u0159\u00edzen\u00ed a odborn\u00e9ho l\u00e9ka\u0159e. <\/span><\/p>\n<p><span style=\"font-family: 'Arial',sans-serif; font-size: 12pt;\">Formul\u00e1\u0159e \u017e\u00e1dosti o odklad povinn\u00e9 \u0161koln\u00ed doch\u00e1zky budou k\u00a0dispozici u z\u00e1pisu. <u>Informace: tel.: 566\u00a0662 602<\/u><\/span><\/p>\n<p><span style=\"font-family: 'Arial',sans-serif; font-size: 12pt;\">\u00a0\u00a0\u00a0\u00a0\u00a0\u00a0\u00a0\u00a0\u00a0\u00a0 <\/span><\/p>\n<p>&nbsp;<\/p>\n<p style=\"text-align: center;\"><span style=\"font-family: 'Arial',sans-serif; font-size: 26pt;\"><strong>\u00a0<\/strong><\/span>\u00a0<span style=\"font-family: 'Arial',sans-serif; font-size: 36pt;\">Z\u00e1pis do mate\u0159sk\u00e9 \u0161koly<\/span><span style=\"font-family: 'Arial',sans-serif; font-size: 12pt;\">\u00a0<\/span><span style=\"font-family: 'Arial',sans-serif;\">\u00a0\u00a0\u00a0\u00a0\u00a0<\/span><\/p>\n<p><b><span style=\"font-family: 'Arial',sans-serif; font-size: 14pt;\">Z\u00e1pis do mate\u0159sk\u00e9 \u0161koly pro \u0161koln\u00ed rok 2016\/2017 <\/span><\/b><b><span style=\"font-family: 'Arial',sans-serif; font-size: 14pt;\">ve Svratce se uskute\u010dn\u00ed v\u00a0mate\u0159sk\u00e9 \u0161kole <\/span><\/b><b><span style=\"font-family: 'Arial',sans-serif; font-size: 14pt;\">\u00a08.2., 9.2., 10.2. 2016<\/span><\/b><b><span style=\"font-family: 'Arial',sans-serif; font-size: 14pt;\">od 14 do 15.30 hodin<\/span><\/b><b><span style=\"font-family: 'Arial',sans-serif;\">\u00a0<\/span><\/b><b><span style=\"font-family: 'Arial',sans-serif; font-size: 12pt;\">K\u00a0z\u00e1pisu se dostav\u00ed rodi\u010de s\u00a0d\u011btmi, kter\u00e9 dovr\u0161\u00ed k 31.8.2016 t\u0159i roky<\/span><\/b><span style=\"font-family: 'Arial',sans-serif; font-size: 12pt;\">. <\/span><span style=\"font-family: 'Arial',sans-serif; font-size: 12pt;\">D\u011bti mlad\u0161\u00ed t\u0159\u00ed let mohou b\u00fdt p\u0159ijaty v\u00a0p\u0159\u00edpad\u011b nenapln\u011bn\u00e9 kapacity mate\u0159sk\u00e9 \u0161koly.<\/span><u><span style=\"font-family: 'Arial',sans-serif; font-size: 12pt;\">Rodi\u010de p\u0159inesou k\u00a0z\u00e1pisu sv\u016fj ob\u010dansk\u00fd pr\u016fkaz, rodn\u00fd list d\u00edt\u011bte a potvrzen\u00ed pediatra o zp\u016fsobilosti d\u00edt\u011bte k\u00a0p\u0159ed\u0161koln\u00edmu vzd\u011bl\u00e1v\u00e1n\u00ed v\u00a0mate\u0159sk\u00e9 \u0161kole.<\/span><\/u><u><span style=\"font-family: 'Arial',sans-serif; font-size: 12pt;\">\u00a0<\/span><\/u><u><\/u><u><span style=\"font-family: 'Arial',sans-serif; font-size: 12pt;\">Informace: tel.: 566\u00a0662 262<\/span><\/u><u><span style=\"font-family: 'Arial',sans-serif; font-size: 12pt;\">\u00a0<\/span><\/u><u><span style=\"font-family: 'Arial',sans-serif; font-size: 12pt;\">\u00a0<\/span><\/u><span style=\"font-family: 'Arial',sans-serif; font-size: 12pt;\">\u00a0\u00a0\u00a0\u00a0\u00a0\u00a0\u00a0\u00a0\u00a0\u00a0\u00a0\u00a0\u00a0\u00a0\u00a0\u00a0\u00a0\u00a0\u00a0\u00a0\u00a0\u00a0\u00a0\u00a0\u00a0\u00a0\u00a0\u00a0\u00a0\u00a0\u00a0\u00a0\u00a0\u00a0\u00a0\u00a0\u00a0\u00a0\u00a0\u00a0\u00a0\u00a0\u00a0\u00a0\u00a0\u00a0\u00a0\u00a0\u00a0\u00a0\u00a0\u00a0\u00a0\u00a0\u00a0\u00a0\u00a0\u00a0\u00a0\u00a0\u00a0\u00a0\u00a0<\/span><span style=\"font-family: 'Arial',sans-serif; font-size: 12pt;\">\u00a0<\/span><span style=\"font-family: 'Arial',sans-serif; font-size: 12pt;\">Mgr. Iva Kopeck\u00e1, \u0159ed.<\/span><\/p>\n","protected":false},"excerpt":{"rendered":"<p>Z\u00e1kladn\u00ed \u0161kola a mate\u0159sk\u00e1 \u0161kola Svratka, p\u0159\u00edsp\u011bvkov\u00e1 organizace Partyz\u00e1nsk\u00e1 310, 592 02 Svratka, tel. 566\u00a0662 602, skola@svratka.cz Z\u00e1pis do 1.t\u0159\u00eddy \u00a0\u00a0\u00a0\u00a0\u00a0\u00a0\u00a0\u00a0\u00a0\u00a0\u00a0 Z\u00e1pis do 1. t\u0159\u00eddy pro \u0161koln\u00ed rok 2016\/2017 na z\u00e1kladn\u00ed \u0161kole ve Svratce se uskute\u010dn\u00ed ve \u010dtvrtek 28. ledna 2016 od 14 do 16 hodin<\/p>\n","protected":false},"author":1,"featured_media":1174,"comment_status":"closed","ping_status":"closed","sticky":false,"template":"","format":"standard","meta":{"footnotes":""},"categories":[195],"tags":[],"class_list":["post-1464","post","type-post","status-publish","format-standard","has-post-thumbnail","hentry","category-aktualne"],"_links":{"self":[{"href":"https:\/\/www.svratka.cz\/index.php?rest_route=\/wp\/v2\/posts\/1464","targetHints":{"allow":["GET"]}}],"collection":[{"href":"https:\/\/www.svratka.cz\/index.php?rest_route=\/wp\/v2\/posts"}],"about":[{"href":"https:\/\/www.svratka.cz\/index.php?rest_route=\/wp\/v2\/types\/post"}],"author":[{"embeddable":true,"href":"https:\/\/www.svratka.cz\/index.php?rest_route=\/wp\/v2\/users\/1"}],"replies":[{"embeddable":true,"href":"https:\/\/www.svratka.cz\/index.php?rest_route=%2Fwp%2Fv2%2Fcomments&post=1464"}],"version-history":[{"count":0,"href":"https:\/\/www.svratka.cz\/index.php?rest_route=\/wp\/v2\/posts\/1464\/revisions"}],"wp:featuredmedia":[{"embeddable":true,"href":"https:\/\/www.svratka.cz\/index.php?rest_route=\/wp\/v2\/media\/1174"}],"wp:attachment":[{"href":"https:\/\/www.svratka.cz\/index.php?rest_route=%2Fwp%2Fv2%2Fmedia&parent=1464"}],"wp:term":[{"taxonomy":"category","embeddable":true,"href":"https:\/\/www.svratka.cz\/index.php?rest_route=%2Fwp%2Fv2%2Fcategories&post=1464"},{"taxonomy":"post_tag","embeddable":true,"href":"https:\/\/www.svratka.cz\/index.php?rest_route=%2Fwp%2Fv2%2Ftags&post=1464"}],"curies":[{"name":"wp","href":"https:\/\/api.w.org\/{rel}","templated":true}]}}