{"id":1409,"date":"2016-01-03T18:27:16","date_gmt":"2016-01-03T17:27:16","guid":{"rendered":"http:\/\/w2.svratka.cz\/?p=1409"},"modified":"2016-01-03T18:27:16","modified_gmt":"2016-01-03T17:27:16","slug":"podekovani-darcum","status":"publish","type":"post","link":"https:\/\/www.svratka.cz\/?p=1409","title":{"rendered":"Pod\u011bkov\u00e1n\u00ed d\u00e1rc\u016fm"},"content":{"rendered":"<div>\n<div class=WordSection1>\n<p class=MsoNormal><span style='font-size:11.0pt;font-family:\"Calibri\",sans-serif;color:#1F497D;mso-fareast-language:EN-US'><o:p>&nbsp;<\/o:p><\/span><\/p>\n<p><span style='font-size:10.0pt;font-family:\"Trebuchet MS\",sans-serif;color:#4F4F4F'>POD\u011aKOV\u00c1N\u00cd&nbsp; D\u00c1RC\u016eM&nbsp;<\/span><span style='font-family:\"Trebuchet MS\",sans-serif;color:#4F4F4F'> <\/span><o:p><\/o:p><\/p>\n<p><span style='font-size:10.0pt;font-family:\"Trebuchet MS\",sans-serif;color:#4F4F4F'>Jm\u00e9nem skautsk\u00e9ho st\u0159ediska Svratka, t\u00edmto d\u011bkujeme v\u0161em d\u00e1rc\u016fm, kte\u0159\u00ed p\u0159isp\u011bli do v\u00e1no\u010dn\u00ed sb\u00edrky, kter\u00e1 se konala 24. 12. 2015 p\u0159i \u0161t\u011bdrove\u010dern\u00edm koledov\u00e1n\u00ed po p\u016flno\u010dn\u00ed m\u0161i svat\u00e9 u sochy sv.V\u00e1clava.&nbsp;<\/span><span style='font-family:\"Trebuchet MS\",sans-serif;color:#4F4F4F'> <\/span><o:p><\/o:p><\/p>\n<p><span style='font-size:10.0pt;font-family:\"Trebuchet MS\",sans-serif;color:#4F4F4F'>V\u00fdt\u011b\u017eek t\u00e9to sb\u00edrky \u010din\u00ed 7&nbsp;960,- K\u010d &nbsp;&nbsp;a bude p\u0159ed\u00e1n pro handicapovan\u00e9 d\u011bti z&nbsp;Centra Zdislava Nov\u00e9 M\u011bsto na Morav\u011b.<\/span> <o:p><\/o:p><\/p>\n<\/div>\n<\/div>\n","protected":false},"excerpt":{"rendered":"<p>&nbsp; POD\u011aKOV\u00c1N\u00cd&nbsp; D\u00c1RC\u016eM&nbsp; Jm\u00e9nem skautsk\u00e9ho st\u0159ediska Svratka, t\u00edmto d\u011bkujeme v\u0161em d\u00e1rc\u016fm, kte\u0159\u00ed p\u0159isp\u011bli do v\u00e1no\u010dn\u00ed sb\u00edrky, kter\u00e1 se konala 24. 12. 2015 p\u0159i \u0161t\u011bdrove\u010dern\u00edm koledov\u00e1n\u00ed po p\u016flno\u010dn\u00ed m\u0161i svat\u00e9 u sochy sv.V\u00e1clava.&nbsp; V\u00fdt\u011b\u017eek t\u00e9to sb\u00edrky \u010din\u00ed 7&nbsp;960,- K\u010d &nbsp;&nbsp;a bude p\u0159ed\u00e1n pro handicapovan\u00e9 d\u011bti z&nbsp;Centra Zdislava Nov\u00e9 M\u011bsto na Morav\u011b.<\/p>\n","protected":false},"author":1,"featured_media":0,"comment_status":"closed","ping_status":"closed","sticky":false,"template":"","format":"standard","meta":{"footnotes":""},"categories":[195],"tags":[],"class_list":["post-1409","post","type-post","status-publish","format-standard","hentry","category-aktualne"],"_links":{"self":[{"href":"https:\/\/www.svratka.cz\/index.php?rest_route=\/wp\/v2\/posts\/1409","targetHints":{"allow":["GET"]}}],"collection":[{"href":"https:\/\/www.svratka.cz\/index.php?rest_route=\/wp\/v2\/posts"}],"about":[{"href":"https:\/\/www.svratka.cz\/index.php?rest_route=\/wp\/v2\/types\/post"}],"author":[{"embeddable":true,"href":"https:\/\/www.svratka.cz\/index.php?rest_route=\/wp\/v2\/users\/1"}],"replies":[{"embeddable":true,"href":"https:\/\/www.svratka.cz\/index.php?rest_route=%2Fwp%2Fv2%2Fcomments&post=1409"}],"version-history":[{"count":0,"href":"https:\/\/www.svratka.cz\/index.php?rest_route=\/wp\/v2\/posts\/1409\/revisions"}],"wp:attachment":[{"href":"https:\/\/www.svratka.cz\/index.php?rest_route=%2Fwp%2Fv2%2Fmedia&parent=1409"}],"wp:term":[{"taxonomy":"category","embeddable":true,"href":"https:\/\/www.svratka.cz\/index.php?rest_route=%2Fwp%2Fv2%2Fcategories&post=1409"},{"taxonomy":"post_tag","embeddable":true,"href":"https:\/\/www.svratka.cz\/index.php?rest_route=%2Fwp%2Fv2%2Ftags&post=1409"}],"curies":[{"name":"wp","href":"https:\/\/api.w.org\/{rel}","templated":true}]}}